{"id":4142,"date":"2026-03-02T13:32:47","date_gmt":"2026-03-02T02:32:47","guid":{"rendered":"https:\/\/www.amillex.com\/?p=4142"},"modified":"2026-03-02T13:32:49","modified_gmt":"2026-03-02T02:32:49","slug":"amillex-global-platform-evergreen-series-core-ppi-consumer-trends","status":"publish","type":"post","link":"https:\/\/www.amillex.com\/fr\/2026\/03\/02\/amillex-global-platform-evergreen-series-core-ppi-consumer-trends\/","title":{"rendered":"S\u00e9rie Evergreen de la plateforme mondiale Amillex | Tendances cl\u00e9s en mati\u00e8re d&#039;IPP et de consommation\u00a0"},"content":{"rendered":"<p class=\"has-black-color has-text-color has-link-color wp-elements-95804ed8b00d592f6929def8725feadd\" style=\"font-size:20px\"><strong>Analyse rapide des indicateurs | Comprendre le march\u00e9, des co\u00fbts de production au consommateur final<\/strong>&nbsp;<\/p>\n\n\n\n<p class=\"has-black-color has-text-color has-link-color wp-elements-3f76f66221e05798a9be297206b4f606\" style=\"font-size:18px\"><strong>IPP (m\/m, Indice des prix \u00e0 la production m\/m)<\/strong>&nbsp;<\/p>\n\n\n\n<p class=\"has-black-color has-text-color has-link-color wp-elements-a7713719ad818d03825f44e8b56934f0\" style=\"font-size:18px\">Il mesure l&#039;\u00e9volution des prix des produits des entreprises industrielles. Il sert de pr\u00e9curseur \u00e0 l&#039;indice des prix \u00e0 la consommation (IPC)\u00a0; la hausse des co\u00fbts de production peut \u00e0 terme se r\u00e9percuter sur le consommateur.&nbsp;<\/p>\n\n\n\n<ul class=\"wp-block-list\">\n<li class=\"has-black-color has-text-color has-link-color wp-elements-2d083f47077705202b7836db17f2ebdd\" style=\"font-size:18px\">La hausse de l&#039;IPP indique une augmentation des co\u00fbts pour les entreprises, et le march\u00e9 pourrait anticiper des hausses de prix.\u00a0<\/li>\n<\/ul>\n\n\n\n<p class=\"has-black-color has-text-color has-link-color wp-elements-fab01c91468a76001889b69a384717d2\" style=\"font-size:18px\"><strong>PPI de base (m\/m, PPI de base m\/m)<\/strong>&nbsp;<\/p>\n\n\n\n<ul class=\"wp-block-list\">\n<li class=\"has-black-color has-text-color has-link-color wp-elements-683100ad1003499b9dd15543778375a0\" style=\"font-size:18px\">Exclut les composantes volatiles telles que l&#039;alimentation et l&#039;\u00e9nergie, offrant ainsi une vision plus claire des tendances sous-jacentes des co\u00fbts de production.\u00a0<\/li>\n\n\n\n<li class=\"has-black-color has-text-color has-link-color wp-elements-9f25c13c0e712d4221aff66ec9d9310d\" style=\"font-size:18px\">La hausse de l&#039;IPP de base t\u00e9moigne de pressions persistantes sur les co\u00fbts, incitant les entreprises \u00e0 ajuster leurs budgets ou leurs strat\u00e9gies op\u00e9rationnelles.\u00a0<\/li>\n<\/ul>\n\n\n\n<p class=\"has-black-color has-text-color has-link-color wp-elements-1b6bd76c26c9b9bb628784ba608ed1ed\" style=\"font-size:18px\"><strong>Ventes au d\u00e9tail de base (m\/m, Ventes au d\u00e9tail de base m\/m)<\/strong>&nbsp;<\/p>\n\n\n\n<p class=\"has-black-color has-text-color has-link-color wp-elements-2ed5beaad294c442661dc3512b2c5394\" style=\"font-size:18px\">Exclut les automobiles et les pi\u00e8ces d\u00e9tach\u00e9es, refl\u00e9tant la consommation r\u00e9elle des m\u00e9nages.&nbsp;<\/p>\n\n\n\n<ul class=\"wp-block-list\">\n<li class=\"has-black-color has-text-color has-link-color wp-elements-9be57db678cc3efe1b55408ad210e9e9\" style=\"font-size:18px\">Un secteur du commerce de d\u00e9tail robuste t\u00e9moigne d&#039;une forte demande des consommateurs, ce qui peut inciter les entreprises \u00e0 accro\u00eetre leur capacit\u00e9 de production et \u00e0 embaucher.\u00a0<\/li>\n<\/ul>\n\n\n\n<div style=\"height:50px\" aria-hidden=\"true\" class=\"wp-block-spacer\"><\/div>\n\n\n\n<p class=\"has-black-color has-text-color has-link-color wp-elements-e7dce9a0aaa0ce34fe0dbd18f7858f35\" style=\"font-size:18px\"><strong>Lien entre l&#039;IPP et les organismes sans but lucratif\u00a0: Comment les pressions sur les co\u00fbts affectent le march\u00e9 du travail<\/strong>&nbsp;<\/p>\n\n\n\n<ul class=\"wp-block-list\">\n<li class=\"has-black-color has-text-color has-link-color wp-elements-a7a0cf4f362f564b0b3fec070685a7ca\" style=\"font-size:18px\">Les cr\u00e9ations d&#039;emplois non agricoles (NEA) refl\u00e8tent l&#039;activit\u00e9 du march\u00e9 du travail et fournissent un signal direct des conditions d&#039;embauche et de salaire.\u00a0<\/li>\n\n\n\n<li class=\"has-black-color has-text-color has-link-color wp-elements-f9afe85a892e54683816fd49decfc4a8\" style=\"font-size:18px\"><strong>Impact des co\u00fbts (IPP) sur l&#039;emploi\u00a0:<\/strong>\u00a0La hausse de l&#039;indice des prix \u00e0 la production de base signale une pression accrue sur la production, ce qui pourrait ralentir les embauches ou entra\u00eener des mesures de contr\u00f4le des co\u00fbts, affectant ainsi la croissance de l&#039;emploi.\u00a0<\/li>\n\n\n\n<li class=\"has-black-color has-text-color has-link-color wp-elements-16459e9ba408843996f34c4c6e02a146\" style=\"font-size:18px\"><strong>Impact de la demande (ventes au d\u00e9tail de base) sur l&#039;emploi\u00a0:<\/strong>\u00a0Une forte consommation pourrait inciter les entreprises \u00e0 accro\u00eetre leurs capacit\u00e9s et \u00e0 embaucher davantage de personnel, favorisant ainsi la croissance de l&#039;emploi.\u00a0<\/li>\n<\/ul>\n\n\n\n<p class=\"has-black-color has-text-color has-link-color wp-elements-9a647b26b97bafc9246b6102a48c6189\" style=\"font-size:18px\"><strong>R\u00e9sum\u00e9:<\/strong>&nbsp;L&#039;IPP, les ventes au d\u00e9tail de base et les donn\u00e9es sur l&#039;emploi forment ensemble une cha\u00eene de signaux \u00e9conomiques. En clair, les pressions sur les co\u00fbts influent sur le pouvoir d&#039;achat des consommateurs, ce qui, \u00e0 son tour, influe sur les embauches des entreprises et, finalement, a un impact sur l&#039;\u00e9conomie dans son ensemble.&nbsp;<\/p>\n\n\n\n<div style=\"height:50px\" aria-hidden=\"true\" class=\"wp-block-spacer\"><\/div>\n\n\n\n<p class=\"has-black-color has-text-color has-link-color wp-elements-7b9567099f32e6c34d6ee67cfeebc9b2\" style=\"font-size:18px\"><strong>Analyser l&#039;inflation au-del\u00e0 des chiffres\u00a0: comprendre la transmission des co\u00fbts \u00e0 la demande<\/strong>&nbsp;<\/p>\n\n\n\n<p class=\"has-black-color has-text-color has-link-color wp-elements-ff66603b35c0e7442f7629efbbeb62a4\" style=\"font-size:18px\">Se focaliser sur une seule donn\u00e9e peut \u00eatre trompeur. Combiner les indicateurs de co\u00fbt et de demande permet d&#039;obtenir une image plus claire du march\u00e9.&nbsp;<\/p>\n\n\n\n<ul class=\"wp-block-list\">\n<li class=\"has-black-color has-text-color has-link-color wp-elements-ea675664afb09694df50c9a83efbf9bf\" style=\"font-size:18px\"><strong>C\u00f4t\u00e9 co\u00fbts (IPP) :<\/strong>\u00a0Indique le niveau de pression auquel les entreprises sont confront\u00e9es.\u00a0<\/li>\n\n\n\n<li class=\"has-black-color has-text-color has-link-color wp-elements-e50ae6ddd7be7ad8c144f6a2359bcae6\" style=\"font-size:18px\"><strong>C\u00f4t\u00e9 demande (ventes au d\u00e9tail) :<\/strong>\u00a0D\u00e9montre le pouvoir d&#039;achat des consommateurs.\u00a0<\/li>\n\n\n\n<li class=\"has-black-color has-text-color has-link-color wp-elements-4aca9627f07dbaab1b9cc6e2ed5f8255\" style=\"font-size:18px\"><strong>Donn\u00e9es de base<\/strong>, apr\u00e8s exclusion des composantes volatiles, r\u00e9v\u00e8le les v\u00e9ritables fondamentaux \u00e9conomiques.\u00a0<\/li>\n<\/ul>\n\n\n\n<p class=\"has-black-color has-text-color has-link-color wp-elements-2259c7207324a770c3b5075cd1afd8a1\" style=\"font-size:18px\"><strong>R\u00e9f\u00e9rence de tendance\u00a0:<\/strong>&nbsp;<\/p>\n\n\n\n<ul class=\"wp-block-list\">\n<li class=\"has-black-color has-text-color has-link-color wp-elements-e6d37e0a229b566addd75e86eb16dde9\" style=\"font-size:18px\">L&#039;IPP baisse tandis que le commerce de d\u00e9tail se stabilise \u2192 la consommation est stable, les conditions de march\u00e9 sont favorables.\u00a0<\/li>\n\n\n\n<li class=\"has-black-color has-text-color has-link-color wp-elements-857da7ca5934531b4eb70e30d0e2048e\" style=\"font-size:18px\">L&#039;IPP et les ventes au d\u00e9tail sont tous deux en hausse \u2192 forte r\u00e9silience de la consommation.\u00a0<\/li>\n\n\n\n<li class=\"has-black-color has-text-color has-link-color wp-elements-222311bf5679e03b57c8f8009c3553a4\" style=\"font-size:18px\">Un PPI \u00e9lev\u00e9 associ\u00e9 \u00e0 un faible commerce de d\u00e9tail \u2192 le march\u00e9 pourrait conna\u00eetre une volatilit\u00e9 accrue ; le risque doit \u00eatre surveill\u00e9.\u00a0<\/li>\n<\/ul>\n\n\n\n<div style=\"height:50px\" aria-hidden=\"true\" class=\"wp-block-spacer\"><\/div>\n\n\n\n<p class=\"has-black-color has-text-color has-link-color wp-elements-aca4ee22c02fb60c61c9f9684575113b\" style=\"font-size:18px\"><strong>Comment les IPP et le commerce de d\u00e9tail influencent le march\u00e9\u00a0: r\u00e9actions du dollar am\u00e9ricain et des mati\u00e8res premi\u00e8res expliqu\u00e9es<\/strong>&nbsp;<\/p>\n\n\n\n<ul class=\"wp-block-list\">\n<li class=\"has-black-color has-text-color has-link-color wp-elements-c9ed70e0fd4b12cd4a4604c9c3865eae\" style=\"font-size:18px\">Les variations de l&#039;IPP et des ventes au d\u00e9tail ont un impact direct sur le dollar am\u00e9ricain et les tendances des mati\u00e8res premi\u00e8res\u00a0:\u00a0<\/li>\n\n\n\n<li class=\"has-black-color has-text-color has-link-color wp-elements-8bc5749321608ca5e22dd272d7257a46\" style=\"font-size:18px\"><strong>Tous deux forts :<\/strong>\u00a0L&#039;\u00e9conomie affiche une vigueur soutenue, le dollar am\u00e9ricain pourrait se renforcer.\u00a0<\/li>\n\n\n\n<li class=\"has-black-color has-text-color has-link-color wp-elements-8d30e4483bd230aa3d4eb0ede489abe6\" style=\"font-size:18px\"><strong>Les deux faibles :<\/strong>\u00a0Le ralentissement de la consommation et de la production pourrait inciter les march\u00e9s \u00e0 se tourner vers les valeurs refuges.\u00a0<\/li>\n\n\n\n<li class=\"has-black-color has-text-color has-link-color wp-elements-0a12b0b4378ba7c75a21e6c947c4c6bb\" style=\"font-size:18px\"><strong>Indice de prix de vente \u00e9lev\u00e9, prix de d\u00e9tail faible\u00a0:<\/strong>\u00a0Les signaux sont complexes ; la volatilit\u00e9 du march\u00e9 pourrait augmenter.\u00a0<\/li>\n<\/ul>\n\n\n\n<div style=\"height:50px\" aria-hidden=\"true\" class=\"wp-block-spacer\"><\/div>\n\n\n\n<p class=\"has-black-color has-text-color has-link-color wp-elements-6befe8434fcc4a24354aa32e54254d8b\" style=\"font-size:20px\"><strong>Conclusion:&nbsp;<\/strong>Le suivi de l&#039;IPP de base et des ventes au d\u00e9tail ne se r\u00e9sume pas \u00e0 une simple question de \u201c hausse ou de baisse \u201d. Comprendre leur impact sur la consommation et l&#039;emploi est essentiel pour appr\u00e9hender la conjoncture \u00e9conomique et le rythme du march\u00e9. La ma\u00eetrise de ce m\u00e9canisme en boucle ferm\u00e9e permet de mieux saisir les tendances du march\u00e9.&nbsp;<\/p>\n\n\n\n<div style=\"height:40px\" aria-hidden=\"true\" class=\"wp-block-spacer\"><\/div>","protected":false},"excerpt":{"rendered":"<p>Quick Indicator Insights | Capturing Market Pulse from Production Costs to Consumer End&nbsp; PPI (m\/m, Producer Price Index m\/m)&nbsp; Measures the trend of prices for industrial enterprise outputs. It acts as a \u201cvanguard\u201d of the Consumer Price Index (CPI); rising production costs may eventually be reflected at the consumer level.&nbsp; Core PPI (m\/m, Core PPI [&hellip;]<\/p>\n","protected":false},"author":9,"featured_media":4134,"comment_status":"open","ping_status":"open","sticky":false,"template":"","format":"standard","meta":{"ocean_post_layout":"","ocean_both_sidebars_style":"","ocean_both_sidebars_content_width":0,"ocean_both_sidebars_sidebars_width":0,"ocean_sidebar":"","ocean_second_sidebar":"","ocean_disable_margins":"enable","ocean_add_body_class":"","ocean_shortcode_before_top_bar":"","ocean_shortcode_after_top_bar":"","ocean_shortcode_before_header":"","ocean_shortcode_after_header":"","ocean_has_shortcode":"","ocean_shortcode_after_title":"","ocean_shortcode_before_footer_widgets":"","ocean_shortcode_after_footer_widgets":"","ocean_shortcode_before_footer_bottom":"","ocean_shortcode_after_footer_bottom":"","ocean_display_top_bar":"default","ocean_display_header":"default","ocean_header_style":"","ocean_center_header_left_menu":"","ocean_custom_header_template":"","ocean_custom_logo":0,"ocean_custom_retina_logo":0,"ocean_custom_logo_max_width":0,"ocean_custom_logo_tablet_max_width":0,"ocean_custom_logo_mobile_max_width":0,"ocean_custom_logo_max_height":0,"ocean_custom_logo_tablet_max_height":0,"ocean_custom_logo_mobile_max_height":0,"ocean_header_custom_menu":"","ocean_menu_typo_font_family":"","ocean_menu_typo_font_subset":"","ocean_menu_typo_font_size":0,"ocean_menu_typo_font_size_tablet":0,"ocean_menu_typo_font_size_mobile":0,"ocean_menu_typo_font_size_unit":"px","ocean_menu_typo_font_weight":"","ocean_menu_typo_font_weight_tablet":"","ocean_menu_typo_font_weight_mobile":"","ocean_menu_typo_transform":"","ocean_menu_typo_transform_tablet":"","ocean_menu_typo_transform_mobile":"","ocean_menu_typo_line_height":0,"ocean_menu_typo_line_height_tablet":0,"ocean_menu_typo_line_height_mobile":0,"ocean_menu_typo_line_height_unit":"","ocean_menu_typo_spacing":0,"ocean_menu_typo_spacing_tablet":0,"ocean_menu_typo_spacing_mobile":0,"ocean_menu_typo_spacing_unit":"","ocean_menu_link_color":"","ocean_menu_link_color_hover":"","ocean_menu_link_color_active":"","ocean_menu_link_background":"","ocean_menu_link_hover_background":"","ocean_menu_link_active_background":"","ocean_menu_social_links_bg":"","ocean_menu_social_hover_links_bg":"","ocean_menu_social_links_color":"","ocean_menu_social_hover_links_color":"","ocean_disable_title":"default","ocean_disable_heading":"default","ocean_post_title":"","ocean_post_subheading":"","ocean_post_title_style":"","ocean_post_title_background_color":"","ocean_post_title_background":0,"ocean_post_title_bg_image_position":"","ocean_post_title_bg_image_attachment":"","ocean_post_title_bg_image_repeat":"","ocean_post_title_bg_image_size":"","ocean_post_title_height":0,"ocean_post_title_bg_overlay":0.5,"ocean_post_title_bg_overlay_color":"","ocean_disable_breadcrumbs":"default","ocean_breadcrumbs_color":"","ocean_breadcrumbs_separator_color":"","ocean_breadcrumbs_links_color":"","ocean_breadcrumbs_links_hover_color":"","ocean_display_footer_widgets":"default","ocean_display_footer_bottom":"default","ocean_custom_footer_template":"","ocean_post_oembed":"","ocean_post_self_hosted_media":"","ocean_post_video_embed":"","ocean_link_format":"","ocean_link_format_target":"self","ocean_quote_format":"","ocean_quote_format_link":"post","ocean_gallery_link_images":"on","ocean_gallery_id":[],"footnotes":""},"categories":[6],"tags":[],"class_list":["post-4142","post","type-post","status-publish","format-standard","has-post-thumbnail","hentry","category-education","entry","has-media"],"_links":{"self":[{"href":"https:\/\/www.amillex.com\/fr\/wp-json\/wp\/v2\/posts\/4142","targetHints":{"allow":["GET"]}}],"collection":[{"href":"https:\/\/www.amillex.com\/fr\/wp-json\/wp\/v2\/posts"}],"about":[{"href":"https:\/\/www.amillex.com\/fr\/wp-json\/wp\/v2\/types\/post"}],"author":[{"embeddable":true,"href":"https:\/\/www.amillex.com\/fr\/wp-json\/wp\/v2\/users\/9"}],"replies":[{"embeddable":true,"href":"https:\/\/www.amillex.com\/fr\/wp-json\/wp\/v2\/comments?post=4142"}],"version-history":[{"count":1,"href":"https:\/\/www.amillex.com\/fr\/wp-json\/wp\/v2\/posts\/4142\/revisions"}],"predecessor-version":[{"id":4144,"href":"https:\/\/www.amillex.com\/fr\/wp-json\/wp\/v2\/posts\/4142\/revisions\/4144"}],"wp:featuredmedia":[{"embeddable":true,"href":"https:\/\/www.amillex.com\/fr\/wp-json\/wp\/v2\/media\/4134"}],"wp:attachment":[{"href":"https:\/\/www.amillex.com\/fr\/wp-json\/wp\/v2\/media?parent=4142"}],"wp:term":[{"taxonomy":"category","embeddable":true,"href":"https:\/\/www.amillex.com\/fr\/wp-json\/wp\/v2\/categories?post=4142"},{"taxonomy":"post_tag","embeddable":true,"href":"https:\/\/www.amillex.com\/fr\/wp-json\/wp\/v2\/tags?post=4142"}],"curies":[{"name":"wp","href":"https:\/\/api.w.org\/{rel}","templated":true}]}}